{"id":237,"date":"2023-11-26T22:28:12","date_gmt":"2023-11-26T22:28:12","guid":{"rendered":"https:\/\/perspektif-21.net\/?p=237"},"modified":"2023-11-26T22:34:41","modified_gmt":"2023-11-26T22:34:41","slug":"sadece-tek-devlet-filistinin-kurtulusunu-saglayabilir-ghada-karmi-ile-soylesi","status":"publish","type":"post","link":"https:\/\/perspektif-21.net\/index.php\/2023\/11\/26\/sadece-tek-devlet-filistinin-kurtulusunu-saglayabilir-ghada-karmi-ile-soylesi\/","title":{"rendered":"&#8216;Sadece tek devlet Filistin&#8217;in kurtulu\u015funu sa\u011flayabilir&#8217; &#8211; Ghada Karmi ile s\u00f6yle\u015fi"},"content":{"rendered":"\n<p><\/p>\n\n\n\n<p>20 Kas\u0131m 2023<\/p>\n\n\n\n<p><strong>Bir Yahudi devleti ve bir Filistin devletinin alan\u0131 payla\u015ft\u0131\u011f\u0131 iki devletli \u00e7\u00f6z\u00fcm\u00fcn nesi yanl\u0131\u015f?<\/strong><\/p>\n\n\n\n<p>\u0130lk olarak, bu ger\u00e7ekle\u015fmedi. Onlarca y\u0131ld\u0131r masada duruyor ve kesinlikle hi\u00e7bir \u015fey \u00e7\u0131kmad\u0131. Neden hi\u00e7bir \u015fey olmad\u0131? Burada iki mesele var. Filistin devletinin co\u011frafi olarak nerede olmas\u0131 gerekiyor?<\/p>\n\n\n\n<p>Haritaya bakarsan\u0131z, Bat\u0131 \u015eeria topraklar\u0131n\u0131n her yerinin Yahudi yerle\u015fimleriyle dolu oldu\u011funu hemen g\u00f6receksiniz. Dolay\u0131s\u0131yla \u0130srail ve destek\u00e7ilerinden bu yerle\u015fimlerin kald\u0131r\u0131laca\u011f\u0131na ve b\u00f6lgenin temiz kalaca\u011f\u0131na dair bir taahh\u00fct al\u0131nmadan lojistik olarak bu i\u015f yap\u0131lamaz.<\/p>\n\n\n\n<p>T\u00fcm bu yerle\u015fimlerin geri \u00e7ekilmesi m\u00fcmk\u00fcn olsa bile, yine de adaletsizdir. Plana g\u00f6re orijinal Filistin topraklar\u0131n\u0131n be\u015fte biri Filistin halk\u0131na verilecek ve \u0130srail be\u015fte d\u00f6rd\u00fcn\u00fc elinde tutacak. Bat\u0131 \u015eeria, Gazze ve Do\u011fu Kud\u00fcs&#8217;ten olu\u015fan be\u015fte birlik toprak par\u00e7as\u0131 7,5 milyon Filistinli i\u00e7in yeterli g\u00f6r\u00fcl\u00fcrken, 7 milyon Yahudi \u0130srailli di\u011fer y\u00fczde 80&#8217;lik k\u0131sm\u0131 al\u0131yor. Bu her a\u00e7\u0131dan adaletsizliktir.&nbsp;<\/p>\n\n\n\n<p>\u00dcstelik bu rakama \u015fu anda Birle\u015fmi\u015f Milletler m\u00fclteci kamplar\u0131nda bulunan ve Filistin halk\u0131n\u0131n bir par\u00e7as\u0131 olan be\u015f ila alt\u0131 milyon m\u00fclteci dahil de\u011fil. Bir de benim gibi s\u00fcrg\u00fcn edilmi\u015f ve bir anavatana sahip olma hakk\u0131na sahip iki ya da \u00fc\u00e7 milyon insan var.&nbsp;<\/p>\n\n\n\n<p>\u0130ki devletli \u00e7\u00f6z\u00fcme g\u00f6re;<\/p>\n\n\n\n<p>Filistinlilerin hepsinin o k\u00fc\u00e7\u00fcc\u00fck alana s\u0131k\u0131\u015fmas\u0131 gerekiyor. Ve e\u011fer oraya s\u0131\u011famazsan\u0131z, \u015fans\u0131n\u0131za k\u00fcs\u00fcn. \u0130\u015fte bu y\u00fczden iki devletli \u00e7\u00f6z\u00fcm bir ba\u015flang\u0131\u00e7 de\u011fildir ve bu nedenle hi\u00e7bir zaman, hi\u00e7 bir yere varamam\u0131\u015ft\u0131r.<\/p>\n\n\n\n<p><strong>Akdeniz&#8217;den \u00dcrd\u00fcn Nehri&#8217;ne kadar olan topraklarda demokratik ve laik bir devlet istiyorsunuz. Bu nas\u0131l olacak?<\/strong><\/p>\n\n\n\n<p>Laik, demokratik bir devlette vatanda\u015flar etnik ya da dini bir gruba mensup olmaktan kaynaklanmayan haklara sahip olacakt\u0131r. Irk ya da dine bak\u0131lmaks\u0131z\u0131n; grup olarak de\u011fil birey olarak kanun \u00f6n\u00fcnde e\u015fit olacaklard\u0131r.<\/p>\n\n\n\n<p>B\u00f6yle bir d\u00fczenleme, \u0130srail Yahudi toplumunu ger\u00e7ekte neyin olu\u015fturdu\u011funu tan\u0131mlama zorlu\u011funu a\u015fmak i\u00e7in faydal\u0131 olacakt\u0131r. Fas, Etiyopya ve ABD gibi k\u00fclt\u00fcrel \u00e7e\u015fitlili\u011fe sahip yerlerden gelen insanlar\u0131n yan\u0131 s\u0131ra Rusya&#8217;dan gelen \u00e7ok say\u0131da Yahudi&#8217;yi de i\u00e7erdi\u011finden homojen de\u011fildir, ba\u015fka nas\u0131l olabilir ki?<\/p>\n\n\n\n<p>Dolay\u0131s\u0131yla, laik devlet sahadaki \u00e7ok k\u00fclt\u00fcrl\u00fc ger\u00e7ekli\u011fi daha yak\u0131ndan yans\u0131tacak ve Filistinlilerin k\u00fclt\u00fcrel mozai\u011fin par\u00e7as\u0131 olarak do\u011fal bir \u015fekilde uyum sa\u011flayaca\u011f\u0131 bir toplum yarat\u0131lmas\u0131na yard\u0131mc\u0131 olacakt\u0131r.<\/p>\n\n\n\n<p>Ayr\u0131ca Arap ve \u0130slam toplumlar\u0131n\u0131n uzun zamand\u0131r a\u015fina oldu\u011fu \u00e7o\u011fulculuk, etkile\u015fim ve aralar\u0131ndaki farkl\u0131 etnik k\u00f6ken ve inan\u00e7lara kar\u015f\u0131 ho\u015fg\u00f6r\u00fc gelene\u011fine de daha yak\u0131ndan uyacakt\u0131r. Bu sadece \u0130slam \u0130mparatorlu\u011fu&#8217;nun zirvesinde de\u011fil, daha yak\u0131n zamanlarda da ge\u00e7erliydi.<\/p>\n\n\n\n<p>Yahudiler, 15. y\u00fczy\u0131lda \u0130spanya&#8217;daki zul\u00fcmden ka\u00e7arak M\u00fcsl\u00fcman Osmanl\u0131 \u0130mparatorlu\u011fu topraklar\u0131na s\u0131\u011f\u0131nm\u0131\u015f ve refaha kavu\u015fmu\u015flard\u0131r. Daha yak\u0131n d\u00f6nemde ise dini az\u0131nl\u0131klar, Irak&#8217;ta Saddam H\u00fcseyin&#8217;in ve Suriye&#8217;de Alevilerin totaliter rejimleri alt\u0131nda bile, di\u011ferleriyle e\u015fitli\u011fin tad\u0131n\u0131 \u00e7\u0131kard\u0131lar.<\/p>\n\n\n\n<p>Filistin toplumu, Avrupal\u0131 Yahudilerin kitlesel g\u00f6\u00e7\u00fcn\u00fcn Siyonizm&#8217;in d\u0131\u015flay\u0131c\u0131 inanc\u0131n\u0131 dayatmas\u0131ndan \u00f6nce, M\u00fcsl\u00fcmanlar, Hristiyanlar ve Yahudilerin yan\u0131 s\u0131ra Ermeniler, \u00c7erkezler, Avrupal\u0131lar ve di\u011ferlerinin ba\u015far\u0131l\u0131 bir bile\u015fimi olmu\u015ftur. Laik bir devlette dini uygulamalar ve sosyal gelenekler \u00f6zel alanla s\u0131n\u0131rl\u0131d\u0131r ve devlet politikas\u0131na y\u00f6n vermez.<\/p>\n\n\n\n<p>Bir\u00e7ok Arap &#8220;laik&#8221; kelimesinin &#8220;ateist&#8221; anlam\u0131na geldi\u011finden korktu ve bu \u00e7\u00f6z\u00fcme bu temelde direndi. Ancak asl\u0131nda bu, kilise ve devletin birbirinden ayr\u0131lmas\u0131ndan ba\u015fka bir anlama gelmiyor. Laik bir demokrasi, insanlar\u0131n birbirlerine ve devlete aidiyet duygusuyla ortak bir ulusal kimlik geli\u015ftirmelerine yard\u0131mc\u0131 olur.<\/p>\n\n\n\n<p>Bu ortamda, \u00fcst\u00fcnl\u00fck\u00e7\u00fc fikirler, etnik ve \u0131rksal ayr\u0131mc\u0131l\u0131k ve t\u00fcm topraklara sahip olma duygusu yava\u015f yava\u015f da olsa cesaretini kaybedecek ve kaybolmaya ba\u015flayacakt\u0131r. Zaman i\u00e7inde, bu payla\u015f\u0131mlar sayesinde geli\u015fen yeni bir kimli\u011fin, \u00f6nceki etnik veya di\u011fer b\u00f6l\u00fcc\u00fc tan\u0131mlamalar\u0131n yerini kal\u0131c\u0131 olarak alaca\u011f\u0131 umulur. Bu t\u00fcr hedefler elbette Siyonizm ile do\u011frudan \u00e7at\u0131\u015facak ve onun sonunu getirecektir.<\/p>\n\n\n\n<p><strong>\u0130tirazlardan biri \u015fu olabilir: T\u00fcm bunlar kula\u011fa ho\u015f geliyor. Ama b\u00f6yle bir devlet kurulursa ortal\u0131k kan g\u00f6l\u00fcne d\u00f6nmez mi?<\/strong><\/p>\n\n\n\n<p>Hi\u00e7 \u015f\u00fcphe yok ki bir \u00e7\u00f6z\u00fcm yolu olarak yerle\u015fik pozisyonlara ve \u00e7at\u0131\u015fman\u0131n nas\u0131l \u00e7\u00f6z\u00fclmesi gerekti\u011fine dair yerle\u015fik fikirlere kar\u015f\u0131 muazzam bir meydan okuma yarat\u0131yor. D\u00fcnya \u00e7ap\u0131ndaki Yahudilerin \u0130srail fikrine olan k\u00fclt\u00fcrel\/psikolojik ba\u011f\u0131ml\u0131l\u0131\u011f\u0131 ile Bat\u0131&#8217;n\u0131n bu ba\u011f\u0131ml\u0131l\u0131\u011f\u0131 destekleme ba\u011f\u0131ml\u0131l\u0131\u011f\u0131n\u0131n birle\u015fimi, zorlu engellerdir.<\/p>\n\n\n\n<p>\u00dcniter bir \u0130srail &#8211; Filistin&#8217;in yarat\u0131lmas\u0131n\u0131n do\u011fas\u0131nda bulunan Yahudi devletinin sonu, \u0130srail&#8217;in &#8211; nas\u0131l ortaya \u00e7\u0131kt\u0131\u011f\u0131n\u0131, Filistinlilere yap\u0131lan adaletsizli\u011fi ve ge\u00e7en y\u00fczy\u0131l\u0131n \u00e7o\u011funda \u00e7ekilen ac\u0131lara kar\u015f\u0131 kay\u0131ts\u0131zl\u0131\u011f\u0131 &#8211; uzun s\u00fcredir inkar\u0131 ba\u011flam\u0131nda d\u00fc\u015f\u00fcn\u00fclemez.<\/p>\n\n\n\n<p>Bu inkar ve \u0130srail&#8217;e tan\u0131nan cezas\u0131zl\u0131k \u00f6zg\u00fcrl\u00fc\u011f\u00fc, birka\u00e7 ku\u015fak \u0130srailli Yahudi&#8217;nin, maliyetine katlanmadan yerle\u015fimci s\u00f6m\u00fcrgeci bir giri\u015fimin ayr\u0131cal\u0131klar\u0131ndan yararlanmas\u0131n\u0131 sa\u011flad\u0131. Bu ve \u0130srail projesini ayakta tutman\u0131n ayr\u0131lmaz bir par\u00e7as\u0131 olan Arap kar\u015f\u0131t\u0131 \u0131rk\u00e7\u0131l\u0131ktan vazge\u00e7mek zor olacakt\u0131r.<\/p>\n\n\n\n<p>Yahudiler lehine ayr\u0131mc\u0131l\u0131k, Yahudi devletinin ve kurumlar\u0131n\u0131n dokusunda yap\u0131land\u0131r\u0131lm\u0131\u015ft\u0131r. Kimse tek devletli bir son noktaya ula\u015fman\u0131n bu korkun\u00e7 \u00e7at\u0131\u015fmay\u0131 p\u00fcr\u00fczs\u00fcz hale getirece\u011fini ve herkesin birdenbire birbirini sevmeye ba\u015flayaca\u011f\u0131n\u0131 iddia etmiyor &#8211; \u00e7\u00fcnk\u00fc ben buna ger\u00e7ekten bir \u00e7\u00f6z\u00fcm diyemiyorum.<\/p>\n\n\n\n<p>Ancak \u015fu anda nerede oldu\u011fumuza bakmal\u0131s\u0131n\u0131z. Yerli halk\u0131n asla istemeyece\u011fi bir durumla kar\u015f\u0131 kar\u015f\u0131yay\u0131z. Yerli Filistin halk\u0131n\u0131n anavatan\u0131nda oturan bir yerle\u015fimci koloni var.<\/p>\n\n\n\n<p>\u0130deal bir \u00e7\u00f6z\u00fcm yok \u00e7\u00fcnk\u00fc ba\u015flang\u0131\u00e7 noktas\u0131 ideal de\u011fil, ba\u015flang\u0131\u00e7 noktas\u0131 son derece zor ve d\u0131\u015far\u0131dan dayat\u0131lm\u0131\u015f. Dolay\u0131s\u0131yla, benim \u00f6nerdi\u011fim \u015fey \u00e7ok k\u00f6t\u00fc bir i\u015fi en iyi \u015fekilde yapmakt\u0131r.<\/p>\n\n\n\n<p>\u0130nsanc\u0131l, makul ve mant\u0131kl\u0131 g\u00f6r\u00fcnen tek cevap, bir yerle\u015fimci kolonimiz var, topra\u011f\u0131 payla\u015fal\u0131m ve art\u0131k kolonilerimiz olmas\u0131n demek. Geri d\u00f6n\u00fc\u015f hakk\u0131 &#8211; s\u00fcr\u00fclen ve m\u00fclks\u00fczle\u015ftirilen t\u00fcm Filistinlilerin do\u011fduklar\u0131 ve ya\u015fad\u0131klar\u0131 topraklara geri d\u00f6nme hakk\u0131 &#8211; hayati \u00f6nem ta\u015f\u0131maktad\u0131r. Bu temel bir hakt\u0131r.<\/p>\n\n\n\n<p><strong>Hangi ko\u015fullar\u0131n bir araya gelmesi  bunu m\u00fcmk\u00fcn k\u0131labilir?<\/strong><\/p>\n\n\n\n<p>Bence \u015fu anda \u0130srail y\u00f6netimi alt\u0131nda olan Filistinlilerin \u00e7o\u011funun herhangi bir hakk\u0131 yok.<\/p>\n\n\n\n<p>Hi\u00e7bir hakka sahip olmayan ve vatanda\u015fl\u0131\u011f\u0131 bulunmayan Filistinliler, e\u015fit haklar talep eden b\u00fcy\u00fck bir kampanya ba\u015flatmal\u0131. Bu G\u00fcney Afrika&#8217;daki apartheid kar\u015f\u0131t\u0131 m\u00fccadele gibi olacakt\u0131r.<\/p>\n\n\n\n<p>Ayn\u0131 alanda e\u015fit haklar talebi sadece makul de\u011fil, ayn\u0131 zamanda \u00f6nceki tarihsel \u00e7at\u0131\u015fmalardan da tan\u0131d\u0131k. \u015eimdi, b\u00f6yle bir kampanya elbette \u015fiddetsiz olacakt\u0131r. \u015eu anda \u0130srail devleti olan egemen otoritenin, y\u00f6netti\u011fi t\u00fcm insanlara e\u015fit vatanda\u015fl\u0131k hakk\u0131 tan\u0131mas\u0131 gerekti\u011fi y\u00f6n\u00fcndeki bir taleptir.<\/p>\n\n\n\n<p>Buna Gazze, Bat\u0131 \u015eeria ve Do\u011fu Kud\u00fcs&#8217;te ya\u015fayan ve hi\u00e7bir hakka sahip olmayanlar da dahildir. Filistinliler aras\u0131nda tam da bunu talep eden b\u00fcy\u00fck bir hareket var: &#8220;Tamam, buran\u0131n y\u00f6neticisi sizsiniz, siz egemen bir h\u00fck\u00fcmetsiniz. Y\u00f6netti\u011finiz di\u011fer t\u00fcm insanlarla e\u015fit vatanda\u015fl\u0131k talep ediyoruz.&#8221; Bu son derece makul bir talepler dizisi ve e\u011fer \u0130srail &#8220;Hay\u0131r, bunun yerine sizi \u00f6ld\u00fcrece\u011fiz&#8221; derse, bunun kendi ba\u015f\u0131na bir sonucu var. Olaylar\u0131 a\u00e7\u0131\u011fa \u00e7\u0131kmaya zorlar.<\/p>\n\n\n\n<p>Alternatif olarak, e\u011fer \u0130srail geri ad\u0131m atar ve t\u00fcm Filistinlilere e\u015fit haklar tan\u0131rsa, bu Siyonizm&#8217;in sona ermesi anlam\u0131na gelir. Korkar\u0131m, bunu s\u00f6yledi\u011fim i\u00e7in \u00fczg\u00fcn\u00fcm ama bu bar\u0131\u015f\u00e7\u0131l bir \u015fekilde ger\u00e7ekle\u015fmeyecek. Bu, \u0130sraillilerin Filistinlilerin direni\u015fiyle tekrar tekrar kar\u015f\u0131la\u015facaklar\u0131 artan bir bask\u0131 d\u00f6ng\u00fcs\u00fcyle ger\u00e7ekle\u015fecek.<\/p>\n\n\n\n<p>Ve bu d\u00f6ng\u00fc daha da k\u00f6t\u00fcle\u015ferek, daha ac\u0131mas\u0131z ve kanl\u0131 bir \u015fekilde devam edecektir. Bu durum, bask\u0131c\u0131 bir rejimin y\u00f6netti\u011fi insanlar\u0131n direni\u015fini bast\u0131rmaya \u00e7al\u0131\u015ft\u0131\u011f\u0131 \u00e7at\u0131\u015fman\u0131n do\u011fas\u0131ndan kaynaklanmaktad\u0131r. Ancak er ya da ge\u00e7, ki zaman \u00f6l\u00e7e\u011fini tahmin edemiyorum, direni\u015f kazanacakt\u0131r \u00e7\u00fcnk\u00fc ne kadar bask\u0131c\u0131 olursa olsun bir rejimin ayn\u0131 \u015fekilde devam etmesi \u00e7ok zordur.<\/p>\n\n\n\n<p>Bunu Cezayir&#8217;de Frans\u0131zlardan, Vietnam&#8217;da Frans\u0131zlardan ve ard\u0131ndan ABD&#8217;den, G\u00fcney Afrika&#8217;daki apartheid&#8217;den, Afrika&#8217;daki \u0130ngiliz imparatorlu\u011fundan ve di\u011fer pek \u00e7ok tarihsel s\u00fcre\u00e7ten biliyoruz. Filistin de farkl\u0131 olmayacakt\u0131r. Ancak \u015fu anda olanlarla ilgili \u00e7ok \u00f6nemli bir nokta var. \u0130srail&#8217;in Gazze halk\u0131n\u0131 M\u0131s\u0131r&#8217;a, Bat\u0131 \u015eeria halk\u0131n\u0131 da \u00dcrd\u00fcn&#8217;e s\u00fcrme plan\u0131 var.<\/p>\n\n\n\n<p>E\u011fer Bat\u0131l\u0131 emperyal devletler taraf\u0131ndan \u0130srail&#8217;in Filistin&#8217;den geriye kalanlar\u0131 etnik olarak temizlemesine izin verilirse, tekrar ediyorum, Filistin&#8217;in orijinal topraklar\u0131nda tek devletten, demokrasiden ya da bu t\u00fcr bir \u015feyden bahsedebilmemiz i\u00e7in \u00e7ok az Filistinli kalacakt\u0131r. Bunun ger\u00e7ekle\u015fmesine asla ve asla izin verilmemelidir.  <\/p>\n\n\n\n<p><strong>\u00c7eviri: https:\/\/socialistworker.co.uk\/features\/ghada-karmi-one-state-interview\/<\/strong><\/p>\n\n\n\n<p><\/p>\n","protected":false},"excerpt":{"rendered":"<p>20 Kas\u0131m 2023 Bir Yahudi devleti ve bir Filistin devletinin alan\u0131 payla\u015ft\u0131\u011f\u0131 iki devletli \u00e7\u00f6z\u00fcm\u00fcn nesi yanl\u0131\u015f? \u0130lk olarak, bu ger\u00e7ekle\u015fmedi. Onlarca y\u0131ld\u0131r masada duruyor ve kesinlikle hi\u00e7bir \u015fey \u00e7\u0131kmad\u0131. Neden hi\u00e7bir \u015fey olmad\u0131? Burada iki mesele var. Filistin devletinin co\u011frafi olarak nerede olmas\u0131 gerekiyor? Haritaya bakarsan\u0131z, Bat\u0131 \u015eeria topraklar\u0131n\u0131n her yerinin Yahudi yerle\u015fimleriyle dolu [&hellip;]<\/p>\n","protected":false},"author":3,"featured_media":243,"comment_status":"open","ping_status":"open","sticky":false,"template":"","format":"standard","meta":{"footnotes":""},"categories":[7,1],"tags":[],"class_list":{"0":"post-237","1":"post","2":"type-post","3":"status-publish","4":"format-standard","5":"has-post-thumbnail","7":"category-ortadogu","8":"category-uncategorized"},"amp_enabled":true,"_links":{"self":[{"href":"https:\/\/perspektif-21.net\/index.php\/wp-json\/wp\/v2\/posts\/237","targetHints":{"allow":["GET"]}}],"collection":[{"href":"https:\/\/perspektif-21.net\/index.php\/wp-json\/wp\/v2\/posts"}],"about":[{"href":"https:\/\/perspektif-21.net\/index.php\/wp-json\/wp\/v2\/types\/post"}],"author":[{"embeddable":true,"href":"https:\/\/perspektif-21.net\/index.php\/wp-json\/wp\/v2\/users\/3"}],"replies":[{"embeddable":true,"href":"https:\/\/perspektif-21.net\/index.php\/wp-json\/wp\/v2\/comments?post=237"}],"version-history":[{"count":2,"href":"https:\/\/perspektif-21.net\/index.php\/wp-json\/wp\/v2\/posts\/237\/revisions"}],"predecessor-version":[{"id":244,"href":"https:\/\/perspektif-21.net\/index.php\/wp-json\/wp\/v2\/posts\/237\/revisions\/244"}],"wp:featuredmedia":[{"embeddable":true,"href":"https:\/\/perspektif-21.net\/index.php\/wp-json\/wp\/v2\/media\/243"}],"wp:attachment":[{"href":"https:\/\/perspektif-21.net\/index.php\/wp-json\/wp\/v2\/media?parent=237"}],"wp:term":[{"taxonomy":"category","embeddable":true,"href":"https:\/\/perspektif-21.net\/index.php\/wp-json\/wp\/v2\/categories?post=237"},{"taxonomy":"post_tag","embeddable":true,"href":"https:\/\/perspektif-21.net\/index.php\/wp-json\/wp\/v2\/tags?post=237"}],"curies":[{"name":"wp","href":"https:\/\/api.w.org\/{rel}","templated":true}]}}