{"id":346,"date":"2025-03-09T23:17:32","date_gmt":"2025-03-09T23:17:32","guid":{"rendered":"https:\/\/perspektif-21.net\/?p=346"},"modified":"2025-03-09T23:25:37","modified_gmt":"2025-03-09T23:25:37","slug":"suriyede-devrimci-sol-akimin-aciklamasi","status":"publish","type":"post","link":"https:\/\/perspektif-21.net\/index.php\/2025\/03\/09\/suriyede-devrimci-sol-akimin-aciklamasi\/","title":{"rendered":"Suriye&#8217;de Devrimci Sol Ak\u0131m&#8217;\u0131n A\u00e7\u0131klamas\u0131"},"content":{"rendered":"\n<p><strong>B\u00fcy\u00fck Suriye Halk\u0131na A\u00e7\u0131klama: <\/strong><br><strong>\u00c7ok Ge\u00e7 Olmadan Mezhep Katliamlar\u0131 Canavar\u0131n\u0131 Durdurun<\/strong><br>Suriye, \u00f6nceki tiran rejiminin d\u00fc\u015f\u00fc\u015f\u00fcnden bu yana gelece\u011fi i\u00e7in en tehlikeli olan kader anlar\u0131ndan ge\u00e7iyor. Mezhep katliamlar\u0131 canavar\u0131, \u00f6zellikle Suriye k\u0131y\u0131lar\u0131nda bir kez daha ba\u015f\u0131n\u0131 kald\u0131r\u0131yor ve toplumsal yap\u0131y\u0131 par\u00e7alamak, \u00fclkeyi bir kan ve y\u0131k\u0131m denizine s\u00fcr\u00fcklemekle tehdit ediyor. Bu kanl\u0131 canavar durdurulmazsa, \u00f6l\u00fcm ve y\u0131k\u0131m Suriye&#8217;nin geri kalan\u0131n\u0131 t\u00fcketecek.<br><strong>Tarihsel Sorumluluk:<\/strong><br>Esad ailesinin devrilen rejimi, \u00fclkenin ula\u015ft\u0131\u011f\u0131 kabusun en b\u00fcy\u00fck sorumlulu\u011funu ta\u015f\u0131yor. Ancak, yeni yetkililer de mezhep\u00e7i silahl\u0131 gruplar\u0131n\u0131n kontrols\u00fcz eylemleri, dini az\u0131nl\u0131klara y\u00f6nelik zul\u00fcmleri ve \u00f6zellikle Suriye k\u0131y\u0131lar\u0131ndaki sivillere y\u00f6nelik sald\u0131r\u0131larda \u00f6nemli bir sorumluluk ta\u015f\u0131yor. \u0130nan\u00e7 veya siyasi yak\u0131nl\u0131k a\u00e7\u0131s\u0131ndan sizden farkl\u0131 olan herkes &#8220;rejimin kal\u0131nt\u0131s\u0131&#8221; de\u011fildir. Ger\u00e7ek \u015fu ki, kal\u0131nt\u0131lar diyerek masum sivillerin \u00f6ld\u00fcr\u00fclmesi affedilemez bir su\u00e7 olarak hakl\u0131 g\u00f6sterilirken, eski rejimin \u00e7ok az lideri tutukland\u0131.<br><strong>\u0130hlallerin T\u0131rman\u0131\u015f\u0131:<\/strong><br>\u00dclke, sivillerin bombalanmas\u0131, masumlar\u0131n tutuklanmas\u0131 ve hatta \u015fehitlerini g\u00f6mmelerinin engellenmesi de dahil olmak \u00fczere ihlallerde tehlikeli bir t\u0131rman\u0131\u015fa tan\u0131k oluyor. Tanklar ve a\u011f\u0131r makineli t\u00fcfekler uydurma bahanelerle yerle\u015fim yerlerine girerken, mezhep\u00e7i medya bu su\u00e7lar\u0131 k\u0131\u015fk\u0131rt\u0131yor, hatta bazen me\u015frula\u015ft\u0131r\u0131yor.<br><strong>Mezhep \u00c7at\u0131\u015fmas\u0131: Affedilemez Bir Su\u00e7tur<\/strong><br>Mezhepsel \u00e7at\u0131\u015fma sadece insanl\u0131\u011fa kar\u015f\u0131 bir su\u00e7 de\u011fil, ayn\u0131 zamanda \u00fclkenin b\u00f6l\u00fcnmesine ve halk\u0131n\u0131n par\u00e7alanmas\u0131na giden kesin bir yoldur. Bu kanl\u0131 mezhepsel \u00e7\u0131lg\u0131nl\u0131k \u00e7ok ge\u00e7 olmadan durdurulmal\u0131d\u0131r. Sivilleri, hangi inan\u00e7tan olursa olsun \u00f6ld\u00fcrmek affedilemez bir su\u00e7tur ve buna sessiz kalmak su\u00e7a ortak olmakt\u0131r.<br><strong>Acil Taleplerimiz:<\/strong><br>T\u00fcm Suriyelileri, bu mezhepsel \u00e7\u0131lg\u0131nl\u0131\u011f\u0131 durdurmak ve \u00fclkeyi y\u0131k\u0131c\u0131 bir i\u00e7 sava\u015fa s\u00fcr\u00fcklenmekten korumak i\u00e7in derhal siyasi eylemde bulunarak <strong>tarihi sorumluluklar\u0131n\u0131 \u00fcstlenmeye \u00e7a\u011f\u0131r\u0131yoruz.<\/strong><br><strong>Yeni yetkililerin sorumluluklar\u0131n\u0131 tam olarak \u00fcstlenmelerini talep ediyoruz:<\/strong><br>Mezhep\u00e7i silahl\u0131 gruplar\u0131n kontrols\u00fcz eylemlerini durdurun.<br>Sivilleri ve az\u0131nl\u0131klar\u0131 zul\u00fcm ve bask\u0131dan koruyun. <br>&#8220;Kal\u0131nt\u0131lar\u0131&#8221; yakalamak bahanesiyle ihanet su\u00e7lamalar\u0131 ve \u00f6ld\u00fcrme politikalar\u0131ndan vazge\u00e7in.<br><strong>Mezhepsel k\u0131\u015fk\u0131rtmalara son verilmesi ve \u015fiddeti k\u00f6r\u00fckleyen nefret s\u00f6yleminin durdurulmas\u0131 konusunda medyay\u0131 tam sorumlu tutuyoruz.<\/strong><br><strong>Suriye&#8217;yi kurtarman\u0131n tek yolu, <\/strong>mezhepsel kutupla\u015fmadan ve \u015fiddetten uzak, t\u00fcm Suriyelilerin onurunu ve haklar\u0131n\u0131 tan\u0131yan kapsaml\u0131 bir ulusal diyalog ba\u015flatmakt\u0131r.<br><strong>Son Mesaj\u0131m\u0131z:<\/strong><br>\u00c7ok ge\u00e7 olmadan, Suriye&#8217;deki t\u00fcm akl\u0131 ba\u015f\u0131nda insanlar bu yakla\u015fan felaketi durdurmak i\u00e7in derhal harekete ge\u00e7melidir. Ge\u00e7mi\u015fin trajedilerinin tekrarlanmas\u0131na izin vermeyece\u011fiz, bir daha kan denizine g\u00f6m\u00fclmeyece\u011fiz. Suriye halk\u0131n\u0131n birli\u011fi ve onuru a\u015f\u0131lmamas\u0131 gereken k\u0131rm\u0131z\u0131 \u00e7izgilerdir.<br><strong>Sivilleri \u00f6ld\u00fcrmek affedilemez bir su\u00e7tur.<br>Mezhep \u00e7at\u0131\u015fmas\u0131 affedilemez bir su\u00e7tur.<br>Suriye&#8217;de Devrimci Sol Ak\u0131m<br>7 Mart 2025<\/strong><\/p>\n\n\n\n<p>Arap\u00e7a, K\u00fcrt\u00e7e ve \u0130ngilizce a\u00e7\u0131klaman\u0131n yay\u0131nland\u0131\u011f\u0131 site ba\u011flant\u0131s\u0131: <a href=\"https:\/\/revoleftsyria.org\/29856\/%D8%A8%D9%8A%D8%A7%D9%86-%D8%A5%D9%84%D9%89-%D8%A7%D9%84%D8%B4%D8%B9%D8%A8-%D8%A7%D9%84%D8%B3%D9%88%D8%B1%D9%8A-%D8%A7%D9%84%D8%B9%D8%B8%D9%8A%D9%85-%D9%88%D9%82%D9%81-%D9%88%D8%AD%D8%B4-%D8%A7%D9%84\/\">https:\/\/revoleftsyria.org\/29856\/%D8%A8%D9%8A%D8%A7%D9%86-%D8%A5%D9%84%D9%89-%D8%A7%D9%84%D8%B4%D8%B9%D8%A8-%D8%A7%D9%84%D8%B3%D9%88%D8%B1%D9%8A-%D8%A7%D9%84%D8%B9%D8%B8%D9%8A%D9%85-%D9%88%D9%82%D9%81-%D9%88%D8%AD%D8%B4-%D8%A7%D9%84\/<\/a><\/p>\n\n\n\n<p><\/p>\n","protected":false},"excerpt":{"rendered":"<p>B\u00fcy\u00fck Suriye Halk\u0131na A\u00e7\u0131klama: \u00c7ok Ge\u00e7 Olmadan Mezhep Katliamlar\u0131 Canavar\u0131n\u0131 DurdurunSuriye, \u00f6nceki tiran rejiminin d\u00fc\u015f\u00fc\u015f\u00fcnden bu yana gelece\u011fi i\u00e7in en tehlikeli olan kader anlar\u0131ndan ge\u00e7iyor. Mezhep katliamlar\u0131 canavar\u0131, \u00f6zellikle Suriye k\u0131y\u0131lar\u0131nda bir kez daha ba\u015f\u0131n\u0131 kald\u0131r\u0131yor ve toplumsal yap\u0131y\u0131 par\u00e7alamak, \u00fclkeyi bir kan ve y\u0131k\u0131m denizine s\u00fcr\u00fcklemekle tehdit ediyor. Bu kanl\u0131 canavar durdurulmazsa, \u00f6l\u00fcm ve [&hellip;]<\/p>\n","protected":false},"author":3,"featured_media":349,"comment_status":"open","ping_status":"open","sticky":false,"template":"","format":"standard","meta":{"footnotes":""},"categories":[5,4,3],"tags":[97],"class_list":{"0":"post-346","1":"post","2":"type-post","3":"status-publish","4":"format-standard","5":"has-post-thumbnail","7":"category-dunya","8":"category-guncel","9":"category-onplandakiler","10":"tag-suriye"},"amp_enabled":true,"_links":{"self":[{"href":"https:\/\/perspektif-21.net\/index.php\/wp-json\/wp\/v2\/posts\/346","targetHints":{"allow":["GET"]}}],"collection":[{"href":"https:\/\/perspektif-21.net\/index.php\/wp-json\/wp\/v2\/posts"}],"about":[{"href":"https:\/\/perspektif-21.net\/index.php\/wp-json\/wp\/v2\/types\/post"}],"author":[{"embeddable":true,"href":"https:\/\/perspektif-21.net\/index.php\/wp-json\/wp\/v2\/users\/3"}],"replies":[{"embeddable":true,"href":"https:\/\/perspektif-21.net\/index.php\/wp-json\/wp\/v2\/comments?post=346"}],"version-history":[{"count":3,"href":"https:\/\/perspektif-21.net\/index.php\/wp-json\/wp\/v2\/posts\/346\/revisions"}],"predecessor-version":[{"id":351,"href":"https:\/\/perspektif-21.net\/index.php\/wp-json\/wp\/v2\/posts\/346\/revisions\/351"}],"wp:featuredmedia":[{"embeddable":true,"href":"https:\/\/perspektif-21.net\/index.php\/wp-json\/wp\/v2\/media\/349"}],"wp:attachment":[{"href":"https:\/\/perspektif-21.net\/index.php\/wp-json\/wp\/v2\/media?parent=346"}],"wp:term":[{"taxonomy":"category","embeddable":true,"href":"https:\/\/perspektif-21.net\/index.php\/wp-json\/wp\/v2\/categories?post=346"},{"taxonomy":"post_tag","embeddable":true,"href":"https:\/\/perspektif-21.net\/index.php\/wp-json\/wp\/v2\/tags?post=346"}],"curies":[{"name":"wp","href":"https:\/\/api.w.org\/{rel}","templated":true}]}}